{"id":3960,"date":"2023-10-20T21:06:17","date_gmt":"2023-10-20T19:06:17","guid":{"rendered":"https:\/\/www.elizabeth-hotel.hu\/uncategorized-ro\/wenckheim-castle-szabadkigyos\/"},"modified":"2023-11-08T15:08:53","modified_gmt":"2023-11-08T14:08:53","slug":"wenckheim-castle-szabadkigyos","status":"publish","type":"post","link":"https:\/\/www.elizabeth-hotel.hu\/ro\/culturale\/wenckheim-castle-szabadkigyos\/","title":{"rendered":"Castelul Wenckheim, Szabadk\u00edgy\u00f3s"},"content":{"rendered":"<div class=\"fusion-fullwidth fullwidth-box fusion-builder-row-1 fusion-flex-container nonhundred-percent-fullwidth non-hundred-percent-height-scrolling\" style=\"--awb-border-radius-top-left:0px;--awb-border-radius-top-right:0px;--awb-border-radius-bottom-right:0px;--awb-border-radius-bottom-left:0px;--awb-flex-wrap:wrap;\" ><div class=\"fusion-builder-row fusion-row fusion-flex-align-items-flex-start fusion-flex-content-wrap\" style=\"max-width:1248px;margin-left: calc(-4% \/ 2 );margin-right: calc(-4% \/ 2 );\"><div class=\"fusion-layout-column fusion_builder_column fusion-builder-column-0 fusion_builder_column_1_1 1_1 fusion-flex-column\" style=\"--awb-bg-size:cover;--awb-width-large:100%;--awb-margin-top-large:0px;--awb-spacing-right-large:1.92%;--awb-margin-bottom-large:0px;--awb-spacing-left-large:1.92%;--awb-width-medium:100%;--awb-spacing-right-medium:1.92%;--awb-spacing-left-medium:1.92%;--awb-width-small:100%;--awb-spacing-right-small:1.92%;--awb-spacing-left-small:1.92%;\"><div class=\"fusion-column-wrapper fusion-flex-justify-content-flex-start fusion-content-layout-column\"><div class=\"fusion-text fusion-text-1\"><p><strong>&#8222;\u00ceN VIZIT\u0102 LA FAMILIA WENCKHEIM&#8221;<\/strong><\/p>\n<p><span style=\"font-weight: 400;\">Expozi\u021bia se concentreaz\u0103 pe pove\u0219ti \u0219i anecdote locale autentice, cu eroi care vorbesc cu vocea lor personal\u0103. Vizitatorii sunt scufunda\u021bi \u00eentr-o lume magic\u0103 \u00een care interactivitatea este un element cheie.<\/span><\/p>\n<p><span style=\"font-weight: 400;\">Vizitatorii intr\u0103 \u00een cl\u0103dire prin eleganta intrare principal\u0103 original\u0103 &#8211; sosind exact a\u0219a cum au f\u0103cut-o reziden\u021bii originali \u0219i oaspe\u021bii lor &#8211; ca \u0219i cum ar fi oaspe\u021bii familiei contelui Wenckheim. La casa de bilete din foaier pute\u021bi cump\u0103ra biletul de intrare la expozi\u021bie \u0219i pute\u021bi ridica, la cerere, ajutoare interactive.<\/span><\/p>\n<p><span style=\"font-weight: 400;\">Vizitatorii pot folosi apoi terminalele pentru a-\u0219i \u00eenscrie numele \u00een cartea de oaspe\u021bi, care a fost p\u0103strat\u0103 ne\u00eentrerupt\u0103 de c\u0103tre locuitorii castelului timp de at\u00e2\u021bia ani. Dup\u0103 ce \u00ee\u0219i introduc datele, vizitatorii \u00ee\u0219i pot imprima propria carte de vizit\u0103 personalizat\u0103, care include o fotografie istoric\u0103 a vizitatorului.<\/span><\/p>\n<\/div><\/div><\/div><\/div><\/div>\n","protected":false},"excerpt":{"rendered":"","protected":false},"author":1,"featured_media":3174,"comment_status":"closed","ping_status":"closed","sticky":false,"template":"","format":"standard","meta":{"footnotes":""},"categories":[49],"tags":[],"class_list":["post-3960","post","type-post","status-publish","format-standard","has-post-thumbnail","hentry","category-culturale"],"acf":[],"yoast_head":"<!-- This site is optimized with the Yoast SEO Premium plugin v22.8 (Yoast SEO v22.8) - https:\/\/yoast.com\/wordpress\/plugins\/seo\/ -->\n<title>Castelul Wenckheim, Szabadk\u00edgy\u00f3s - Elizabeth Hotel<\/title>\n<meta name=\"robots\" content=\"index, follow, max-snippet:-1, max-image-preview:large, max-video-preview:-1\" \/>\n<link rel=\"canonical\" href=\"https:\/\/www.elizabeth-hotel.hu\/ro\/culturale\/wenckheim-castle-szabadkigyos\/\" \/>\n<meta property=\"og:locale\" content=\"ro_RO\" \/>\n<meta property=\"og:type\" content=\"article\" \/>\n<meta property=\"og:title\" content=\"Castelul Wenckheim, Szabadk\u00edgy\u00f3s\" \/>\n<meta property=\"og:url\" content=\"https:\/\/www.elizabeth-hotel.hu\/ro\/culturale\/wenckheim-castle-szabadkigyos\/\" \/>\n<meta property=\"og:site_name\" content=\"Elizabeth Hotel\" \/>\n<meta property=\"article:published_time\" content=\"2023-10-20T19:06:17+00:00\" \/>\n<meta property=\"article:modified_time\" content=\"2023-11-08T14:08:53+00:00\" \/>\n<meta property=\"og:image\" content=\"https:\/\/www.elizabeth-hotel.hu\/wp-content\/uploads\/2023\/10\/Wenckheim-kaste\u0301ly-Szabadki\u0301gyo\u0301s_01.jpeg\" \/>\n\t<meta property=\"og:image:width\" content=\"1200\" \/>\n\t<meta property=\"og:image:height\" content=\"675\" \/>\n\t<meta property=\"og:image:type\" content=\"image\/jpeg\" \/>\n<meta name=\"author\" content=\"Csurga\" \/>\n<meta name=\"twitter:card\" content=\"summary_large_image\" \/>\n<meta name=\"twitter:label1\" content=\"Scris de\" \/>\n\t<meta name=\"twitter:data1\" content=\"Csurga\" \/>\n\t<meta name=\"twitter:label2\" content=\"Timp estimat pentru citire\" \/>\n\t<meta name=\"twitter:data2\" content=\"2 minute\" \/>\n<script type=\"application\/ld+json\" class=\"yoast-schema-graph\">{\"@context\":\"https:\/\/schema.org\",\"@graph\":[{\"@type\":\"Article\",\"@id\":\"https:\/\/www.elizabeth-hotel.hu\/ro\/culturale\/wenckheim-castle-szabadkigyos\/#article\",\"isPartOf\":{\"@id\":\"https:\/\/www.elizabeth-hotel.hu\/ro\/culturale\/wenckheim-castle-szabadkigyos\/\"},\"author\":{\"name\":\"Csurga\",\"@id\":\"https:\/\/www.elizabeth-hotel.hu\/ro\/#\/schema\/person\/f26c1347be77480036ecde7d0c7db36b\"},\"headline\":\"Castelul Wenckheim, Szabadk\u00edgy\u00f3s\",\"datePublished\":\"2023-10-20T19:06:17+00:00\",\"dateModified\":\"2023-11-08T14:08:53+00:00\",\"mainEntityOfPage\":{\"@id\":\"https:\/\/www.elizabeth-hotel.hu\/ro\/culturale\/wenckheim-castle-szabadkigyos\/\"},\"wordCount\":406,\"publisher\":{\"@id\":\"https:\/\/www.elizabeth-hotel.hu\/ro\/#organization\"},\"image\":{\"@id\":\"https:\/\/www.elizabeth-hotel.hu\/ro\/culturale\/wenckheim-castle-szabadkigyos\/#primaryimage\"},\"thumbnailUrl\":\"https:\/\/www.elizabeth-hotel.hu\/wp-content\/uploads\/2023\/10\/Wenckheim-kaste\u0301ly-Szabadki\u0301gyo\u0301s_01.jpeg\",\"articleSection\":[\"Culturale\"],\"inLanguage\":\"ro-RO\"},{\"@type\":\"WebPage\",\"@id\":\"https:\/\/www.elizabeth-hotel.hu\/ro\/culturale\/wenckheim-castle-szabadkigyos\/\",\"url\":\"https:\/\/www.elizabeth-hotel.hu\/ro\/culturale\/wenckheim-castle-szabadkigyos\/\",\"name\":\"Castelul Wenckheim, Szabadk\u00edgy\u00f3s - Elizabeth Hotel\",\"isPartOf\":{\"@id\":\"https:\/\/www.elizabeth-hotel.hu\/ro\/#website\"},\"primaryImageOfPage\":{\"@id\":\"https:\/\/www.elizabeth-hotel.hu\/ro\/culturale\/wenckheim-castle-szabadkigyos\/#primaryimage\"},\"image\":{\"@id\":\"https:\/\/www.elizabeth-hotel.hu\/ro\/culturale\/wenckheim-castle-szabadkigyos\/#primaryimage\"},\"thumbnailUrl\":\"https:\/\/www.elizabeth-hotel.hu\/wp-content\/uploads\/2023\/10\/Wenckheim-kaste\u0301ly-Szabadki\u0301gyo\u0301s_01.jpeg\",\"datePublished\":\"2023-10-20T19:06:17+00:00\",\"dateModified\":\"2023-11-08T14:08:53+00:00\",\"breadcrumb\":{\"@id\":\"https:\/\/www.elizabeth-hotel.hu\/ro\/culturale\/wenckheim-castle-szabadkigyos\/#breadcrumb\"},\"inLanguage\":\"ro-RO\",\"potentialAction\":[{\"@type\":\"ReadAction\",\"target\":[\"https:\/\/www.elizabeth-hotel.hu\/ro\/culturale\/wenckheim-castle-szabadkigyos\/\"]}]},{\"@type\":\"ImageObject\",\"inLanguage\":\"ro-RO\",\"@id\":\"https:\/\/www.elizabeth-hotel.hu\/ro\/culturale\/wenckheim-castle-szabadkigyos\/#primaryimage\",\"url\":\"https:\/\/www.elizabeth-hotel.hu\/wp-content\/uploads\/2023\/10\/Wenckheim-kaste\u0301ly-Szabadki\u0301gyo\u0301s_01.jpeg\",\"contentUrl\":\"https:\/\/www.elizabeth-hotel.hu\/wp-content\/uploads\/2023\/10\/Wenckheim-kaste\u0301ly-Szabadki\u0301gyo\u0301s_01.jpeg\",\"width\":1200,\"height\":675},{\"@type\":\"BreadcrumbList\",\"@id\":\"https:\/\/www.elizabeth-hotel.hu\/ro\/culturale\/wenckheim-castle-szabadkigyos\/#breadcrumb\",\"itemListElement\":[{\"@type\":\"ListItem\",\"position\":1,\"name\":\"Home\",\"item\":\"https:\/\/www.elizabeth-hotel.hu\/ro\/\"},{\"@type\":\"ListItem\",\"position\":2,\"name\":\"Castelul Wenckheim, Szabadk\u00edgy\u00f3s\"}]},{\"@type\":\"WebSite\",\"@id\":\"https:\/\/www.elizabeth-hotel.hu\/ro\/#website\",\"url\":\"https:\/\/www.elizabeth-hotel.hu\/ro\/\",\"name\":\"Elizabeth Hotel\",\"description\":\"Elizabeth Hotel**** - Gyula\",\"publisher\":{\"@id\":\"https:\/\/www.elizabeth-hotel.hu\/ro\/#organization\"},\"potentialAction\":[{\"@type\":\"SearchAction\",\"target\":{\"@type\":\"EntryPoint\",\"urlTemplate\":\"https:\/\/www.elizabeth-hotel.hu\/ro\/?s={search_term_string}\"},\"query-input\":\"required name=search_term_string\"}],\"inLanguage\":\"ro-RO\"},{\"@type\":\"Organization\",\"@id\":\"https:\/\/www.elizabeth-hotel.hu\/ro\/#organization\",\"name\":\"Hotel Magistern\",\"alternateName\":\"Konferencia \u00e9s Wellnesshotel\",\"url\":\"https:\/\/www.elizabeth-hotel.hu\/ro\/\",\"logo\":{\"@type\":\"ImageObject\",\"inLanguage\":\"ro-RO\",\"@id\":\"https:\/\/www.elizabeth-hotel.hu\/ro\/#\/schema\/logo\/image\/\",\"url\":\"\",\"contentUrl\":\"\",\"caption\":\"Hotel Magistern\"},\"image\":{\"@id\":\"https:\/\/www.elizabeth-hotel.hu\/ro\/#\/schema\/logo\/image\/\"}},{\"@type\":\"Person\",\"@id\":\"https:\/\/www.elizabeth-hotel.hu\/ro\/#\/schema\/person\/f26c1347be77480036ecde7d0c7db36b\",\"name\":\"Csurga\",\"sameAs\":[\"https:\/\/www.elizabeth-hotel.hu\"],\"url\":\"https:\/\/www.elizabeth-hotel.hu\/ro\/author\/csurga\/\"}]}<\/script>\n<!-- \/ Yoast SEO Premium plugin. -->","yoast_head_json":{"title":"Castelul Wenckheim, Szabadk\u00edgy\u00f3s - Elizabeth Hotel","robots":{"index":"index","follow":"follow","max-snippet":"max-snippet:-1","max-image-preview":"max-image-preview:large","max-video-preview":"max-video-preview:-1"},"canonical":"https:\/\/www.elizabeth-hotel.hu\/ro\/culturale\/wenckheim-castle-szabadkigyos\/","og_locale":"ro_RO","og_type":"article","og_title":"Castelul Wenckheim, Szabadk\u00edgy\u00f3s","og_url":"https:\/\/www.elizabeth-hotel.hu\/ro\/culturale\/wenckheim-castle-szabadkigyos\/","og_site_name":"Elizabeth Hotel","article_published_time":"2023-10-20T19:06:17+00:00","article_modified_time":"2023-11-08T14:08:53+00:00","og_image":[{"width":1200,"height":675,"url":"https:\/\/www.elizabeth-hotel.hu\/wp-content\/uploads\/2023\/10\/Wenckheim-kaste\u0301ly-Szabadki\u0301gyo\u0301s_01.jpeg","type":"image\/jpeg"}],"author":"Csurga","twitter_card":"summary_large_image","twitter_misc":{"Scris de":"Csurga","Timp estimat pentru citire":"2 minute"},"schema":{"@context":"https:\/\/schema.org","@graph":[{"@type":"Article","@id":"https:\/\/www.elizabeth-hotel.hu\/ro\/culturale\/wenckheim-castle-szabadkigyos\/#article","isPartOf":{"@id":"https:\/\/www.elizabeth-hotel.hu\/ro\/culturale\/wenckheim-castle-szabadkigyos\/"},"author":{"name":"Csurga","@id":"https:\/\/www.elizabeth-hotel.hu\/ro\/#\/schema\/person\/f26c1347be77480036ecde7d0c7db36b"},"headline":"Castelul Wenckheim, Szabadk\u00edgy\u00f3s","datePublished":"2023-10-20T19:06:17+00:00","dateModified":"2023-11-08T14:08:53+00:00","mainEntityOfPage":{"@id":"https:\/\/www.elizabeth-hotel.hu\/ro\/culturale\/wenckheim-castle-szabadkigyos\/"},"wordCount":406,"publisher":{"@id":"https:\/\/www.elizabeth-hotel.hu\/ro\/#organization"},"image":{"@id":"https:\/\/www.elizabeth-hotel.hu\/ro\/culturale\/wenckheim-castle-szabadkigyos\/#primaryimage"},"thumbnailUrl":"https:\/\/www.elizabeth-hotel.hu\/wp-content\/uploads\/2023\/10\/Wenckheim-kaste\u0301ly-Szabadki\u0301gyo\u0301s_01.jpeg","articleSection":["Culturale"],"inLanguage":"ro-RO"},{"@type":"WebPage","@id":"https:\/\/www.elizabeth-hotel.hu\/ro\/culturale\/wenckheim-castle-szabadkigyos\/","url":"https:\/\/www.elizabeth-hotel.hu\/ro\/culturale\/wenckheim-castle-szabadkigyos\/","name":"Castelul Wenckheim, Szabadk\u00edgy\u00f3s - Elizabeth Hotel","isPartOf":{"@id":"https:\/\/www.elizabeth-hotel.hu\/ro\/#website"},"primaryImageOfPage":{"@id":"https:\/\/www.elizabeth-hotel.hu\/ro\/culturale\/wenckheim-castle-szabadkigyos\/#primaryimage"},"image":{"@id":"https:\/\/www.elizabeth-hotel.hu\/ro\/culturale\/wenckheim-castle-szabadkigyos\/#primaryimage"},"thumbnailUrl":"https:\/\/www.elizabeth-hotel.hu\/wp-content\/uploads\/2023\/10\/Wenckheim-kaste\u0301ly-Szabadki\u0301gyo\u0301s_01.jpeg","datePublished":"2023-10-20T19:06:17+00:00","dateModified":"2023-11-08T14:08:53+00:00","breadcrumb":{"@id":"https:\/\/www.elizabeth-hotel.hu\/ro\/culturale\/wenckheim-castle-szabadkigyos\/#breadcrumb"},"inLanguage":"ro-RO","potentialAction":[{"@type":"ReadAction","target":["https:\/\/www.elizabeth-hotel.hu\/ro\/culturale\/wenckheim-castle-szabadkigyos\/"]}]},{"@type":"ImageObject","inLanguage":"ro-RO","@id":"https:\/\/www.elizabeth-hotel.hu\/ro\/culturale\/wenckheim-castle-szabadkigyos\/#primaryimage","url":"https:\/\/www.elizabeth-hotel.hu\/wp-content\/uploads\/2023\/10\/Wenckheim-kaste\u0301ly-Szabadki\u0301gyo\u0301s_01.jpeg","contentUrl":"https:\/\/www.elizabeth-hotel.hu\/wp-content\/uploads\/2023\/10\/Wenckheim-kaste\u0301ly-Szabadki\u0301gyo\u0301s_01.jpeg","width":1200,"height":675},{"@type":"BreadcrumbList","@id":"https:\/\/www.elizabeth-hotel.hu\/ro\/culturale\/wenckheim-castle-szabadkigyos\/#breadcrumb","itemListElement":[{"@type":"ListItem","position":1,"name":"Home","item":"https:\/\/www.elizabeth-hotel.hu\/ro\/"},{"@type":"ListItem","position":2,"name":"Castelul Wenckheim, Szabadk\u00edgy\u00f3s"}]},{"@type":"WebSite","@id":"https:\/\/www.elizabeth-hotel.hu\/ro\/#website","url":"https:\/\/www.elizabeth-hotel.hu\/ro\/","name":"Elizabeth Hotel","description":"Elizabeth Hotel**** - Gyula","publisher":{"@id":"https:\/\/www.elizabeth-hotel.hu\/ro\/#organization"},"potentialAction":[{"@type":"SearchAction","target":{"@type":"EntryPoint","urlTemplate":"https:\/\/www.elizabeth-hotel.hu\/ro\/?s={search_term_string}"},"query-input":"required name=search_term_string"}],"inLanguage":"ro-RO"},{"@type":"Organization","@id":"https:\/\/www.elizabeth-hotel.hu\/ro\/#organization","name":"Hotel Magistern","alternateName":"Konferencia \u00e9s Wellnesshotel","url":"https:\/\/www.elizabeth-hotel.hu\/ro\/","logo":{"@type":"ImageObject","inLanguage":"ro-RO","@id":"https:\/\/www.elizabeth-hotel.hu\/ro\/#\/schema\/logo\/image\/","url":"","contentUrl":"","caption":"Hotel Magistern"},"image":{"@id":"https:\/\/www.elizabeth-hotel.hu\/ro\/#\/schema\/logo\/image\/"}},{"@type":"Person","@id":"https:\/\/www.elizabeth-hotel.hu\/ro\/#\/schema\/person\/f26c1347be77480036ecde7d0c7db36b","name":"Csurga","sameAs":["https:\/\/www.elizabeth-hotel.hu"],"url":"https:\/\/www.elizabeth-hotel.hu\/ro\/author\/csurga\/"}]}},"_links":{"self":[{"href":"https:\/\/www.elizabeth-hotel.hu\/ro\/wp-json\/wp\/v2\/posts\/3960","targetHints":{"allow":["GET"]}}],"collection":[{"href":"https:\/\/www.elizabeth-hotel.hu\/ro\/wp-json\/wp\/v2\/posts"}],"about":[{"href":"https:\/\/www.elizabeth-hotel.hu\/ro\/wp-json\/wp\/v2\/types\/post"}],"author":[{"embeddable":true,"href":"https:\/\/www.elizabeth-hotel.hu\/ro\/wp-json\/wp\/v2\/users\/1"}],"replies":[{"embeddable":true,"href":"https:\/\/www.elizabeth-hotel.hu\/ro\/wp-json\/wp\/v2\/comments?post=3960"}],"version-history":[{"count":0,"href":"https:\/\/www.elizabeth-hotel.hu\/ro\/wp-json\/wp\/v2\/posts\/3960\/revisions"}],"wp:featuredmedia":[{"embeddable":true,"href":"https:\/\/www.elizabeth-hotel.hu\/ro\/wp-json\/wp\/v2\/media\/3174"}],"wp:attachment":[{"href":"https:\/\/www.elizabeth-hotel.hu\/ro\/wp-json\/wp\/v2\/media?parent=3960"}],"wp:term":[{"taxonomy":"category","embeddable":true,"href":"https:\/\/www.elizabeth-hotel.hu\/ro\/wp-json\/wp\/v2\/categories?post=3960"},{"taxonomy":"post_tag","embeddable":true,"href":"https:\/\/www.elizabeth-hotel.hu\/ro\/wp-json\/wp\/v2\/tags?post=3960"}],"curies":[{"name":"wp","href":"https:\/\/api.w.org\/{rel}","templated":true}]}}