{"id":3961,"date":"2023-10-20T21:08:40","date_gmt":"2023-10-20T19:08:40","guid":{"rendered":"https:\/\/www.elizabeth-hotel.hu\/uncategorized-ro\/breda-castle\/"},"modified":"2023-11-08T15:34:21","modified_gmt":"2023-11-08T14:34:21","slug":"breda-castle","status":"publish","type":"post","link":"https:\/\/www.elizabeth-hotel.hu\/ro\/culturale\/breda-castle\/","title":{"rendered":"Castelul Br\u00e9da"},"content":{"rendered":"<div class=\"fusion-fullwidth fullwidth-box fusion-builder-row-1 fusion-flex-container nonhundred-percent-fullwidth non-hundred-percent-height-scrolling\" style=\"--awb-border-radius-top-left:0px;--awb-border-radius-top-right:0px;--awb-border-radius-bottom-right:0px;--awb-border-radius-bottom-left:0px;--awb-flex-wrap:wrap;\" ><div class=\"fusion-builder-row fusion-row fusion-flex-align-items-flex-start fusion-flex-content-wrap\" style=\"max-width:1248px;margin-left: calc(-4% \/ 2 );margin-right: calc(-4% \/ 2 );\"><div class=\"fusion-layout-column fusion_builder_column fusion-builder-column-0 fusion_builder_column_1_1 1_1 fusion-flex-column\" style=\"--awb-bg-size:cover;--awb-width-large:100%;--awb-margin-top-large:0px;--awb-spacing-right-large:1.92%;--awb-margin-bottom-large:0px;--awb-spacing-left-large:1.92%;--awb-width-medium:100%;--awb-spacing-right-medium:1.92%;--awb-spacing-left-medium:1.92%;--awb-width-small:100%;--awb-spacing-right-small:1.92%;--awb-spacing-left-small:1.92%;\"><div class=\"fusion-column-wrapper fusion-flex-justify-content-flex-start fusion-content-layout-column\"><div class=\"fusion-text fusion-text-1\"><p><span style=\"font-weight: 400;\">\u00cen \u0163inuturile parc\u0103 f\u0103r\u0103 de sf\u00e2r\u015fit din c\u00e2mpiile Cri\u015furilor, \u00een mijlocul unei p\u0103duri rotunde, \u00eentro atmosfer\u0103 de lini\u015fte deplin\u0103 \u015fi autentic\u0103, se ridic\u0103 autoritar\u0103 cl\u0103direa acaparatoare de priviri a Castelului Breda.<\/span><\/p>\n<p><span style=\"font-weight: 400;\">Magnific renovat\u0103 \u00eentr-un stil splendid mediteranean, at\u00e2t Castelul Breda de la L\u00f6k\u00f6sh\u00e1za, c\u00e2t \u015fi parcul acestuia, ofer\u0103 vizitatorilor un program unic \u015fi special.<\/span><\/p>\n<p><span style=\"font-weight: 400;\">Castelul a fost construit \u00een jurul anului 1806, \u00een stil neoclasic, de c\u0103tre subprefectul jude\u0163ului de odinioar\u0103 Arad-Csanad, pe nume V\u00e1s\u00e1rhelyi J\u00e1nos.<\/span><\/p>\n<p><span style=\"font-weight: 400;\">Mai mult de 200 de ani de existen\u0163\u0103 \u015fi o istorie foarte zbuciumat\u0103, a c\u0103rei din\u0163i de fier parc\u0103 au mu\u015fcat din cl\u0103dire \u015fi din parc, au transformat-o cu trecerea timpului \u00een adev\u0103rate ruine. Cu toate acestea s-a reu\u015fit salvarea de la distrugerea definitiv\u0103 a aceastei minunate cladiri, iar dup\u0103 renovare, \u00een cei aproximativ 500 metri p\u0103tra\u021bi, func\u0163ioneaz\u0103 acum un centru de vizitare, iar \u00een interiorul zidurilor antice, s\u0103lile somptuoase au devenit acum spa\u0163ii de expunere. Folosind metode tehnologice moderne s-au g\u0103sit solu\u0163ii unice \u015fi interesante de prezentare a spa\u0163iului \u015fi istoriei lui, care vor impresiona vizitatorii.<\/span><\/p>\n<p><span style=\"font-weight: 400;\">Principala atrac\u0163ie a castelului este o proiec\u0163ie 3D \u00een aer liber pe fa\u0163ada cl\u0103dirii, unic\u0103 \u00een Europa de Est, care este pus\u0103 \u00een func\u0163iune \u00een fiecare sear\u0103, dup\u0103 apusul soarelui.<\/span><\/p>\n<p><strong>Castelul este dotat printre altele \u015fi cu un ghid audio tip Orphee, \u00een 5 limbi str\u0103ine, printre care se numer\u0103 \u015fi o prezentare \u00een limba rom\u00e2n\u0103.<\/strong><\/p>\n<\/div><\/div><\/div><\/div><\/div>\n","protected":false},"excerpt":{"rendered":"","protected":false},"author":1,"featured_media":3170,"comment_status":"closed","ping_status":"closed","sticky":false,"template":"","format":"standard","meta":{"footnotes":""},"categories":[49],"tags":[],"class_list":["post-3961","post","type-post","status-publish","format-standard","has-post-thumbnail","hentry","category-culturale"],"acf":[],"yoast_head":"<!-- This site is optimized with the Yoast SEO Premium plugin v22.8 (Yoast SEO v22.8) - https:\/\/yoast.com\/wordpress\/plugins\/seo\/ -->\n<title>Castelul Br\u00e9da - Elizabeth Hotel<\/title>\n<meta name=\"robots\" content=\"index, follow, max-snippet:-1, max-image-preview:large, max-video-preview:-1\" \/>\n<link rel=\"canonical\" href=\"https:\/\/www.elizabeth-hotel.hu\/ro\/culturale\/breda-castle\/\" \/>\n<meta property=\"og:locale\" content=\"ro_RO\" \/>\n<meta property=\"og:type\" content=\"article\" \/>\n<meta property=\"og:title\" content=\"Castelul Br\u00e9da\" \/>\n<meta property=\"og:url\" content=\"https:\/\/www.elizabeth-hotel.hu\/ro\/culturale\/breda-castle\/\" \/>\n<meta property=\"og:site_name\" content=\"Elizabeth Hotel\" \/>\n<meta property=\"article:published_time\" content=\"2023-10-20T19:08:40+00:00\" \/>\n<meta property=\"article:modified_time\" content=\"2023-11-08T14:34:21+00:00\" \/>\n<meta property=\"og:image\" content=\"https:\/\/www.elizabeth-hotel.hu\/wp-content\/uploads\/2023\/10\/Breda-kastely.jpg\" \/>\n\t<meta property=\"og:image:width\" content=\"1200\" \/>\n\t<meta property=\"og:image:height\" content=\"800\" \/>\n\t<meta property=\"og:image:type\" content=\"image\/jpeg\" \/>\n<meta name=\"author\" content=\"Csurga\" \/>\n<meta name=\"twitter:card\" content=\"summary_large_image\" \/>\n<meta name=\"twitter:label1\" content=\"Scris de\" \/>\n\t<meta name=\"twitter:data1\" content=\"Csurga\" \/>\n\t<meta name=\"twitter:label2\" content=\"Timp estimat pentru citire\" \/>\n\t<meta name=\"twitter:data2\" content=\"2 minute\" \/>\n<script type=\"application\/ld+json\" class=\"yoast-schema-graph\">{\"@context\":\"https:\/\/schema.org\",\"@graph\":[{\"@type\":\"Article\",\"@id\":\"https:\/\/www.elizabeth-hotel.hu\/ro\/culturale\/breda-castle\/#article\",\"isPartOf\":{\"@id\":\"https:\/\/www.elizabeth-hotel.hu\/ro\/culturale\/breda-castle\/\"},\"author\":{\"name\":\"Csurga\",\"@id\":\"https:\/\/www.elizabeth-hotel.hu\/ro\/#\/schema\/person\/f26c1347be77480036ecde7d0c7db36b\"},\"headline\":\"Castelul Br\u00e9da\",\"datePublished\":\"2023-10-20T19:08:40+00:00\",\"dateModified\":\"2023-11-08T14:34:21+00:00\",\"mainEntityOfPage\":{\"@id\":\"https:\/\/www.elizabeth-hotel.hu\/ro\/culturale\/breda-castle\/\"},\"wordCount\":516,\"publisher\":{\"@id\":\"https:\/\/www.elizabeth-hotel.hu\/ro\/#organization\"},\"image\":{\"@id\":\"https:\/\/www.elizabeth-hotel.hu\/ro\/culturale\/breda-castle\/#primaryimage\"},\"thumbnailUrl\":\"https:\/\/www.elizabeth-hotel.hu\/wp-content\/uploads\/2023\/10\/Breda-kastely.jpg\",\"articleSection\":[\"Culturale\"],\"inLanguage\":\"ro-RO\"},{\"@type\":\"WebPage\",\"@id\":\"https:\/\/www.elizabeth-hotel.hu\/ro\/culturale\/breda-castle\/\",\"url\":\"https:\/\/www.elizabeth-hotel.hu\/ro\/culturale\/breda-castle\/\",\"name\":\"Castelul Br\u00e9da - Elizabeth Hotel\",\"isPartOf\":{\"@id\":\"https:\/\/www.elizabeth-hotel.hu\/ro\/#website\"},\"primaryImageOfPage\":{\"@id\":\"https:\/\/www.elizabeth-hotel.hu\/ro\/culturale\/breda-castle\/#primaryimage\"},\"image\":{\"@id\":\"https:\/\/www.elizabeth-hotel.hu\/ro\/culturale\/breda-castle\/#primaryimage\"},\"thumbnailUrl\":\"https:\/\/www.elizabeth-hotel.hu\/wp-content\/uploads\/2023\/10\/Breda-kastely.jpg\",\"datePublished\":\"2023-10-20T19:08:40+00:00\",\"dateModified\":\"2023-11-08T14:34:21+00:00\",\"breadcrumb\":{\"@id\":\"https:\/\/www.elizabeth-hotel.hu\/ro\/culturale\/breda-castle\/#breadcrumb\"},\"inLanguage\":\"ro-RO\",\"potentialAction\":[{\"@type\":\"ReadAction\",\"target\":[\"https:\/\/www.elizabeth-hotel.hu\/ro\/culturale\/breda-castle\/\"]}]},{\"@type\":\"ImageObject\",\"inLanguage\":\"ro-RO\",\"@id\":\"https:\/\/www.elizabeth-hotel.hu\/ro\/culturale\/breda-castle\/#primaryimage\",\"url\":\"https:\/\/www.elizabeth-hotel.hu\/wp-content\/uploads\/2023\/10\/Breda-kastely.jpg\",\"contentUrl\":\"https:\/\/www.elizabeth-hotel.hu\/wp-content\/uploads\/2023\/10\/Breda-kastely.jpg\",\"width\":1200,\"height\":800},{\"@type\":\"BreadcrumbList\",\"@id\":\"https:\/\/www.elizabeth-hotel.hu\/ro\/culturale\/breda-castle\/#breadcrumb\",\"itemListElement\":[{\"@type\":\"ListItem\",\"position\":1,\"name\":\"Home\",\"item\":\"https:\/\/www.elizabeth-hotel.hu\/ro\/\"},{\"@type\":\"ListItem\",\"position\":2,\"name\":\"Castelul Br\u00e9da\"}]},{\"@type\":\"WebSite\",\"@id\":\"https:\/\/www.elizabeth-hotel.hu\/ro\/#website\",\"url\":\"https:\/\/www.elizabeth-hotel.hu\/ro\/\",\"name\":\"Elizabeth Hotel\",\"description\":\"Elizabeth Hotel**** - Gyula\",\"publisher\":{\"@id\":\"https:\/\/www.elizabeth-hotel.hu\/ro\/#organization\"},\"potentialAction\":[{\"@type\":\"SearchAction\",\"target\":{\"@type\":\"EntryPoint\",\"urlTemplate\":\"https:\/\/www.elizabeth-hotel.hu\/ro\/?s={search_term_string}\"},\"query-input\":\"required name=search_term_string\"}],\"inLanguage\":\"ro-RO\"},{\"@type\":\"Organization\",\"@id\":\"https:\/\/www.elizabeth-hotel.hu\/ro\/#organization\",\"name\":\"Hotel Magistern\",\"alternateName\":\"Konferencia \u00e9s Wellnesshotel\",\"url\":\"https:\/\/www.elizabeth-hotel.hu\/ro\/\",\"logo\":{\"@type\":\"ImageObject\",\"inLanguage\":\"ro-RO\",\"@id\":\"https:\/\/www.elizabeth-hotel.hu\/ro\/#\/schema\/logo\/image\/\",\"url\":\"\",\"contentUrl\":\"\",\"caption\":\"Hotel Magistern\"},\"image\":{\"@id\":\"https:\/\/www.elizabeth-hotel.hu\/ro\/#\/schema\/logo\/image\/\"}},{\"@type\":\"Person\",\"@id\":\"https:\/\/www.elizabeth-hotel.hu\/ro\/#\/schema\/person\/f26c1347be77480036ecde7d0c7db36b\",\"name\":\"Csurga\",\"sameAs\":[\"https:\/\/www.elizabeth-hotel.hu\"],\"url\":\"https:\/\/www.elizabeth-hotel.hu\/ro\/author\/csurga\/\"}]}<\/script>\n<!-- \/ Yoast SEO Premium plugin. -->","yoast_head_json":{"title":"Castelul Br\u00e9da - Elizabeth Hotel","robots":{"index":"index","follow":"follow","max-snippet":"max-snippet:-1","max-image-preview":"max-image-preview:large","max-video-preview":"max-video-preview:-1"},"canonical":"https:\/\/www.elizabeth-hotel.hu\/ro\/culturale\/breda-castle\/","og_locale":"ro_RO","og_type":"article","og_title":"Castelul Br\u00e9da","og_url":"https:\/\/www.elizabeth-hotel.hu\/ro\/culturale\/breda-castle\/","og_site_name":"Elizabeth Hotel","article_published_time":"2023-10-20T19:08:40+00:00","article_modified_time":"2023-11-08T14:34:21+00:00","og_image":[{"width":1200,"height":800,"url":"https:\/\/www.elizabeth-hotel.hu\/wp-content\/uploads\/2023\/10\/Breda-kastely.jpg","type":"image\/jpeg"}],"author":"Csurga","twitter_card":"summary_large_image","twitter_misc":{"Scris de":"Csurga","Timp estimat pentru citire":"2 minute"},"schema":{"@context":"https:\/\/schema.org","@graph":[{"@type":"Article","@id":"https:\/\/www.elizabeth-hotel.hu\/ro\/culturale\/breda-castle\/#article","isPartOf":{"@id":"https:\/\/www.elizabeth-hotel.hu\/ro\/culturale\/breda-castle\/"},"author":{"name":"Csurga","@id":"https:\/\/www.elizabeth-hotel.hu\/ro\/#\/schema\/person\/f26c1347be77480036ecde7d0c7db36b"},"headline":"Castelul Br\u00e9da","datePublished":"2023-10-20T19:08:40+00:00","dateModified":"2023-11-08T14:34:21+00:00","mainEntityOfPage":{"@id":"https:\/\/www.elizabeth-hotel.hu\/ro\/culturale\/breda-castle\/"},"wordCount":516,"publisher":{"@id":"https:\/\/www.elizabeth-hotel.hu\/ro\/#organization"},"image":{"@id":"https:\/\/www.elizabeth-hotel.hu\/ro\/culturale\/breda-castle\/#primaryimage"},"thumbnailUrl":"https:\/\/www.elizabeth-hotel.hu\/wp-content\/uploads\/2023\/10\/Breda-kastely.jpg","articleSection":["Culturale"],"inLanguage":"ro-RO"},{"@type":"WebPage","@id":"https:\/\/www.elizabeth-hotel.hu\/ro\/culturale\/breda-castle\/","url":"https:\/\/www.elizabeth-hotel.hu\/ro\/culturale\/breda-castle\/","name":"Castelul Br\u00e9da - Elizabeth Hotel","isPartOf":{"@id":"https:\/\/www.elizabeth-hotel.hu\/ro\/#website"},"primaryImageOfPage":{"@id":"https:\/\/www.elizabeth-hotel.hu\/ro\/culturale\/breda-castle\/#primaryimage"},"image":{"@id":"https:\/\/www.elizabeth-hotel.hu\/ro\/culturale\/breda-castle\/#primaryimage"},"thumbnailUrl":"https:\/\/www.elizabeth-hotel.hu\/wp-content\/uploads\/2023\/10\/Breda-kastely.jpg","datePublished":"2023-10-20T19:08:40+00:00","dateModified":"2023-11-08T14:34:21+00:00","breadcrumb":{"@id":"https:\/\/www.elizabeth-hotel.hu\/ro\/culturale\/breda-castle\/#breadcrumb"},"inLanguage":"ro-RO","potentialAction":[{"@type":"ReadAction","target":["https:\/\/www.elizabeth-hotel.hu\/ro\/culturale\/breda-castle\/"]}]},{"@type":"ImageObject","inLanguage":"ro-RO","@id":"https:\/\/www.elizabeth-hotel.hu\/ro\/culturale\/breda-castle\/#primaryimage","url":"https:\/\/www.elizabeth-hotel.hu\/wp-content\/uploads\/2023\/10\/Breda-kastely.jpg","contentUrl":"https:\/\/www.elizabeth-hotel.hu\/wp-content\/uploads\/2023\/10\/Breda-kastely.jpg","width":1200,"height":800},{"@type":"BreadcrumbList","@id":"https:\/\/www.elizabeth-hotel.hu\/ro\/culturale\/breda-castle\/#breadcrumb","itemListElement":[{"@type":"ListItem","position":1,"name":"Home","item":"https:\/\/www.elizabeth-hotel.hu\/ro\/"},{"@type":"ListItem","position":2,"name":"Castelul Br\u00e9da"}]},{"@type":"WebSite","@id":"https:\/\/www.elizabeth-hotel.hu\/ro\/#website","url":"https:\/\/www.elizabeth-hotel.hu\/ro\/","name":"Elizabeth Hotel","description":"Elizabeth Hotel**** - Gyula","publisher":{"@id":"https:\/\/www.elizabeth-hotel.hu\/ro\/#organization"},"potentialAction":[{"@type":"SearchAction","target":{"@type":"EntryPoint","urlTemplate":"https:\/\/www.elizabeth-hotel.hu\/ro\/?s={search_term_string}"},"query-input":"required name=search_term_string"}],"inLanguage":"ro-RO"},{"@type":"Organization","@id":"https:\/\/www.elizabeth-hotel.hu\/ro\/#organization","name":"Hotel Magistern","alternateName":"Konferencia \u00e9s Wellnesshotel","url":"https:\/\/www.elizabeth-hotel.hu\/ro\/","logo":{"@type":"ImageObject","inLanguage":"ro-RO","@id":"https:\/\/www.elizabeth-hotel.hu\/ro\/#\/schema\/logo\/image\/","url":"","contentUrl":"","caption":"Hotel Magistern"},"image":{"@id":"https:\/\/www.elizabeth-hotel.hu\/ro\/#\/schema\/logo\/image\/"}},{"@type":"Person","@id":"https:\/\/www.elizabeth-hotel.hu\/ro\/#\/schema\/person\/f26c1347be77480036ecde7d0c7db36b","name":"Csurga","sameAs":["https:\/\/www.elizabeth-hotel.hu"],"url":"https:\/\/www.elizabeth-hotel.hu\/ro\/author\/csurga\/"}]}},"_links":{"self":[{"href":"https:\/\/www.elizabeth-hotel.hu\/ro\/wp-json\/wp\/v2\/posts\/3961","targetHints":{"allow":["GET"]}}],"collection":[{"href":"https:\/\/www.elizabeth-hotel.hu\/ro\/wp-json\/wp\/v2\/posts"}],"about":[{"href":"https:\/\/www.elizabeth-hotel.hu\/ro\/wp-json\/wp\/v2\/types\/post"}],"author":[{"embeddable":true,"href":"https:\/\/www.elizabeth-hotel.hu\/ro\/wp-json\/wp\/v2\/users\/1"}],"replies":[{"embeddable":true,"href":"https:\/\/www.elizabeth-hotel.hu\/ro\/wp-json\/wp\/v2\/comments?post=3961"}],"version-history":[{"count":0,"href":"https:\/\/www.elizabeth-hotel.hu\/ro\/wp-json\/wp\/v2\/posts\/3961\/revisions"}],"wp:featuredmedia":[{"embeddable":true,"href":"https:\/\/www.elizabeth-hotel.hu\/ro\/wp-json\/wp\/v2\/media\/3170"}],"wp:attachment":[{"href":"https:\/\/www.elizabeth-hotel.hu\/ro\/wp-json\/wp\/v2\/media?parent=3961"}],"wp:term":[{"taxonomy":"category","embeddable":true,"href":"https:\/\/www.elizabeth-hotel.hu\/ro\/wp-json\/wp\/v2\/categories?post=3961"},{"taxonomy":"post_tag","embeddable":true,"href":"https:\/\/www.elizabeth-hotel.hu\/ro\/wp-json\/wp\/v2\/tags?post=3961"}],"curies":[{"name":"wp","href":"https:\/\/api.w.org\/{rel}","templated":true}]}}